{"id":157,"date":"2015-06-30T16:06:58","date_gmt":"2015-06-30T14:06:58","guid":{"rendered":"http:\/\/www.ra-holler.de\/?p=157"},"modified":"2021-04-01T10:30:46","modified_gmt":"2021-04-01T08:30:46","slug":"demonstrationen-auch-auf-flughafengelaende","status":"publish","type":"post","link":"https:\/\/anwaltskanzlei-holler.de\/index.php\/2015\/06\/30\/demonstrationen-auch-auf-flughafengelaende\/","title":{"rendered":"De\u00admonstra\u00adtionen auch auf Flug\u00adhafen\u00adgel\u00e4nde"},"content":{"rendered":"<p><span class=\"article__topline\">De\u00admonstra\u00adtionen auch auf Flug\u00adhafen\u00adgel\u00e4nde<\/span> <a href=\"http:\/\/www.lto.de\/themen\/recht\/d\/demonstrationen\/\"><span class=\"article__category\">Demonstrationen<\/span><\/a><\/p>\n<p class=\"article__teaser\">Ein Jesuit will vor dem Abschiebegef\u00e4ngnis am Berliner Flughafen demonstrieren. Seine Klage gegen das Verbot scheiterte zun\u00e4chst, doch nun hat der BGH ihm Recht gegeben. Das Gel\u00e4nde sei ein \u00f6ffentlicher Raum, so die Bundesrichter.<\/p>\n<p class=\"article__teaser\">\n","protected":false},"excerpt":{"rendered":"<p>De\u00admonstra\u00adtionen auch auf Flug\u00adhafen\u00adgel\u00e4nde Demonstrationen Ein Jesuit will vor dem Abschiebegef\u00e4ngnis am Berliner Flughafen demonstrieren. Seine Klage gegen das Verbot scheiterte zun\u00e4chst, doch nun hat der BGH ihm Recht gegeben. Das Gel\u00e4nde sei ein \u00f6ffentlicher Raum, so die Bundesrichter.<\/p>\n","protected":false},"author":2,"featured_media":0,"comment_status":"closed","ping_status":"open","sticky":false,"template":"","format":"standard","meta":{"footnotes":""},"categories":[1],"tags":[],"class_list":["post-157","post","type-post","status-publish","format-standard","hentry","category-allgemein"],"_links":{"self":[{"href":"https:\/\/anwaltskanzlei-holler.de\/index.php\/wp-json\/wp\/v2\/posts\/157","targetHints":{"allow":["GET"]}}],"collection":[{"href":"https:\/\/anwaltskanzlei-holler.de\/index.php\/wp-json\/wp\/v2\/posts"}],"about":[{"href":"https:\/\/anwaltskanzlei-holler.de\/index.php\/wp-json\/wp\/v2\/types\/post"}],"author":[{"embeddable":true,"href":"https:\/\/anwaltskanzlei-holler.de\/index.php\/wp-json\/wp\/v2\/users\/2"}],"replies":[{"embeddable":true,"href":"https:\/\/anwaltskanzlei-holler.de\/index.php\/wp-json\/wp\/v2\/comments?post=157"}],"version-history":[{"count":5,"href":"https:\/\/anwaltskanzlei-holler.de\/index.php\/wp-json\/wp\/v2\/posts\/157\/revisions"}],"predecessor-version":[{"id":163,"href":"https:\/\/anwaltskanzlei-holler.de\/index.php\/wp-json\/wp\/v2\/posts\/157\/revisions\/163"}],"wp:attachment":[{"href":"https:\/\/anwaltskanzlei-holler.de\/index.php\/wp-json\/wp\/v2\/media?parent=157"}],"wp:term":[{"taxonomy":"category","embeddable":true,"href":"https:\/\/anwaltskanzlei-holler.de\/index.php\/wp-json\/wp\/v2\/categories?post=157"},{"taxonomy":"post_tag","embeddable":true,"href":"https:\/\/anwaltskanzlei-holler.de\/index.php\/wp-json\/wp\/v2\/tags?post=157"}],"curies":[{"name":"wp","href":"https:\/\/api.w.org\/{rel}","templated":true}]}}